{"id":35535,"date":"2026-09-01T12:16:00","date_gmt":"2026-09-01T10:16:00","guid":{"rendered":"https:\/\/scalarchives.com\/?p=35535"},"modified":"2026-09-01T12:16:04","modified_gmt":"2026-09-01T10:16:04","slug":"arazzo-di-bayeux-una-storia-millenaria-attraversa-la-manica","status":"publish","type":"post","link":"https:\/\/scalarchives.com\/it\/arazzo-di-bayeux-una-storia-millenaria-attraversa-la-manica\/","title":{"rendered":"L&#8217;Arazzo di Bayeux: una storia millenaria attraversa la Manica"},"content":{"rendered":"\n<p class=\"wp-block-paragraph\">Per la prima volta in quasi un millennio, l&#8217;Arazzo di Bayeux lascia la Normandia. Dal 10 settembre 2026 all&#8217;11 luglio 2027, questo straordinario ricamo &#8211; quasi 70 metri di lana cucita su lino, che racconta la conquista normanna dell&#8217;Inghilterra nel 1066 &#8211; sar\u00e0 esposto al British Museum di Londra. Scala, agente ufficiale del\u00a0<a href=\"https:\/\/scalarchives.com\/it\/il-british-museum\/\" target=\"_blank\" rel=\"noopener\">British Museum<\/a>, della\u00a0Reunion\u00a0des\u00a0Mus\u00e9e\u00a0Nationaux\u00a0(RMN), oltre che di molte tra le pi\u00f9 importanti collezioni museali del mondo, \u00e8 lieta di accompagnare questo prestito emozionante ed eccezionale con una ricca selezione di immagini dedicate all&#8217;Arazzo, alla Normandia e ai protagonisti di uno degli anni pi\u00f9 cruciali della storia europea.\u00a0<\/p>\n\n\n\n<p class=\"wp-block-paragraph\">Pochi oggetti nella storia del mondo raccontano un singolo evento in modo cos\u00ec vivido, o cos\u00ec ostinato, come l&#8217;<a href=\"https:\/\/search.scalarchives.com\/?16141816133845785070&amp;EVENT=WEBSHOP_SEARCH&amp;SEARCHMODE=NEW&amp;SEARCHTXT1=%22Bayeux%20Tapestry%22\">Arazzo di Bayeux<\/a>. Cinquanta scene, cinquantasette iscrizioni in latino, settanta metri di narrazione ricamati da mani di cui non conosceremo mai il nome: \u00e8 la narrazione medievale nella sua forma pi\u00f9 immediata. A distanza di quasi mille anni, resta ancora il resoconto pi\u00f9 vicino che abbiamo a un racconto coevo della battaglia di Hastings, che ridisegn\u00f2 la mappa dell&#8217;Inghilterra.<\/p>\n\n\n\n<h2 class=\"wp-block-heading\">Cinquanta scene, una conquista<\/h2>\n\n\n\n<p class=\"wp-block-paragraph\">Il ricamo si dipana come un cinegiornale medievale. La sua narrazione si sviluppa in circa 50 scene.<\/p>\n\n\n\n<p class=\"wp-block-paragraph\">Si apre con la morte di re Edoardo il Confessore e la contesa successione al trono d&#8217;Inghilterra, segue Harold Godwinson nel suo fatale viaggio in Normandia e nel suo giuramento di fedelt\u00e0 al duca Guglielmo, per poi soffermarsi sull&#8217;incoronazione di Harold come re, un atto che l&#8217;Arazzo presenta come un tradimento.<\/p>\n\n\n<div class=\"wp-block-image\">\n<figure class=\"aligncenter size-full\"><a href=\"https:\/\/search.scalarchives.com\/id\/00929655\" target=\"_blank\" rel=\" noopener\"><img loading=\"lazy\" decoding=\"async\" width=\"685\" height=\"1000\" src=\"https:\/\/scalarchives.com\/wp-content\/uploads\/2026\/09\/scala_E026245.jpg\" alt=\"\" class=\"wp-image-35541\" srcset=\"https:\/\/scalarchives.com\/wp-content\/uploads\/2026\/09\/scala_E026245.jpg 685w, https:\/\/scalarchives.com\/wp-content\/uploads\/2026\/09\/scala_E026245-206x300.jpg 206w\" sizes=\"auto, (max-width: 685px) 100vw, 685px\" \/><\/a><figcaption class=\"wp-element-caption\"><a href=\"https:\/\/search.scalarchives.com\/id\/00929655\">EDOARDO IL CONFESSORE, re d&#8217;Inghilterra (1042-66). Illustrazione a colori tratta da &#8216;Lives\u00a0of the\u00a0Saints&#8217; di Butler\u00a0&#8211;\u00a0E026245<\/a><\/figcaption><\/figure>\n<\/div>\n\n\n<p class=\"wp-block-paragraph\">La cometa di Halley brilla nel cielo come presagio di sciagura. La flotta di Guglielmo viene costruita, rifornita e varata.<\/p>\n\n\n<div class=\"wp-block-image\">\n<figure class=\"aligncenter size-full\"><a href=\"https:\/\/search.scalarchives.com\/id\/00958954\" target=\"_blank\" rel=\" noopener\"><img loading=\"lazy\" decoding=\"async\" width=\"1000\" height=\"720\" src=\"https:\/\/scalarchives.com\/wp-content\/uploads\/2026\/09\/scala_E009173.jpg\" alt=\"\" class=\"wp-image-35547\" srcset=\"https:\/\/scalarchives.com\/wp-content\/uploads\/2026\/09\/scala_E009173.jpg 1000w, https:\/\/scalarchives.com\/wp-content\/uploads\/2026\/09\/scala_E009173-300x216.jpg 300w, https:\/\/scalarchives.com\/wp-content\/uploads\/2026\/09\/scala_E009173-767x552.jpg 767w\" sizes=\"auto, (max-width: 1000px) 100vw, 1000px\" \/><\/a><figcaption class=\"wp-element-caption\"><a href=\"https:\/\/search.scalarchives.com\/id\/00958954\" target=\"_blank\" rel=\"noreferrer noopener\">L&#8217;apparizione della cometa di Halley prima dell&#8217;invasione normanna, vista come cattivo presagio, dettaglio dell&#8217;Arazzo di Bayeux, 1066. Illustrazione a colori\u00a0&#8211;\u00a0E009173<\/a><\/figcaption><\/figure>\n<\/div>\n\n\n<p class=\"wp-block-paragraph\">E ad <a href=\"https:\/\/search.scalarchives.com\/offer\/00007664\">Hastings<\/a>, la storia giunge alla sua brutale conclusione con la morte di Harold.<\/p>\n\n\n<div class=\"wp-block-image\">\n<figure class=\"aligncenter size-full\"><a href=\"https:\/\/search.scalarchives.com\/id\/01754519\" target=\"_blank\" rel=\" noopener\"><img loading=\"lazy\" decoding=\"async\" width=\"1000\" height=\"776\" src=\"https:\/\/scalarchives.com\/wp-content\/uploads\/2026\/09\/scala_H601030.jpg\" alt=\"\" class=\"wp-image-35551\" srcset=\"https:\/\/scalarchives.com\/wp-content\/uploads\/2026\/09\/scala_H601030.jpg 1000w, https:\/\/scalarchives.com\/wp-content\/uploads\/2026\/09\/scala_H601030-300x233.jpg 300w, https:\/\/scalarchives.com\/wp-content\/uploads\/2026\/09\/scala_H601030-767x595.jpg 767w\" sizes=\"auto, (max-width: 1000px) 100vw, 1000px\" \/><\/a><figcaption class=\"wp-element-caption\"><a href=\"https:\/\/search.scalarchives.com\/id\/01754519\" target=\"_blank\" rel=\"noreferrer noopener\">Morte di re Harold, battaglia di Hastings, 1066. Illustrazione a colori, 1864\u00a0&#8211;\u00a0H601030\u00a0<\/a><\/figcaption><\/figure>\n<\/div>\n\n\n<p class=\"wp-block-paragraph\">Intorno a questa narrazione centrale corre un bordo che sembra prendere vita con animali, favole tratte da Esopo, creature mitiche e, in alcuni punti, raffigurazioni crude dei morti e dei feriti lasciati dalla battaglia.<\/p>\n\n\n\n<h2 class=\"wp-block-heading\">Un ricamo con il nome di un arazzo<\/h2>\n\n\n\n<p class=\"wp-block-paragraph\">L&#8217;Arazzo di Bayeux non \u00e8 affatto un arazzo. Nonostante il suo nome, l&#8217;Arazzo di Bayeux \u00e8 un ricamo.<\/p>\n\n\n\n<p class=\"wp-block-paragraph\">I veri arazzi sono tessuti, con il disegno creato direttamente durante la tessitura, intrecciando fili di trama colorati con l&#8217;ordito. L&#8217;Arazzo di Bayeux, al contrario, \u00e8 ricamato: nove pannelli di lino cuciti insieme a formare una striscia di 70 metri, con filo di lana cucito sul tessuto gi\u00e0 finito, usando tecniche come il punto erba e il punto piatto (couching). Il termine improprio \u00e8 rimasto per ragioni storiche &#8211; in francese, &#8220;tapisserie&#8221; veniva a lungo usato in senso lato per indicare qualsiasi tessuto decorativo da parete, indipendentemente dalla tecnica &#8211; e quando gli storici dell&#8217;arte tracciarono una distinzione tecnica pi\u00f9 netta, il nome era ormai entrato nella memoria collettiva.<\/p>\n\n\n<div class=\"wp-block-image\">\n<figure class=\"aligncenter size-full\"><a href=\"https:\/\/search.scalarchives.com\/id\/02581140\" target=\"_blank\" rel=\" noopener\"><img loading=\"lazy\" decoding=\"async\" width=\"1000\" height=\"651\" src=\"https:\/\/scalarchives.com\/wp-content\/uploads\/2026\/09\/scala_RM08790.jpg\" alt=\"\" class=\"wp-image-35556\" srcset=\"https:\/\/scalarchives.com\/wp-content\/uploads\/2026\/09\/scala_RM08790.jpg 1000w, https:\/\/scalarchives.com\/wp-content\/uploads\/2026\/09\/scala_RM08790-300x195.jpg 300w, https:\/\/scalarchives.com\/wp-content\/uploads\/2026\/09\/scala_RM08790-767x499.jpg 767w\" sizes=\"auto, (max-width: 1000px) 100vw, 1000px\" \/><\/a><figcaption class=\"wp-element-caption\"><a href=\"https:\/\/search.scalarchives.com\/id\/02581140\">Il retro del ricamo dell&#8217;\u201cArazzo di Bayeux,\u201d Pannello 3B. Composto da nove pannelli di lino, lungo circa 68,30 metri e largo 50 centimetri\u00a0&#8211;\u00a0RM08790<\/a><\/figcaption><\/figure>\n<\/div>\n\n<div class=\"wp-block-image\">\n<figure class=\"aligncenter size-full\"><a href=\"https:\/\/search.scalarchives.com\/id\/02609637\" target=\"_blank\" rel=\" noopener\"><img loading=\"lazy\" decoding=\"async\" width=\"1000\" height=\"588\" src=\"https:\/\/scalarchives.com\/wp-content\/uploads\/2026\/09\/scala_VA08350.jpg\" alt=\"\" class=\"wp-image-35560\" srcset=\"https:\/\/scalarchives.com\/wp-content\/uploads\/2026\/09\/scala_VA08350.jpg 1000w, https:\/\/scalarchives.com\/wp-content\/uploads\/2026\/09\/scala_VA08350-767x451.jpg 767w, https:\/\/scalarchives.com\/wp-content\/uploads\/2026\/09\/scala_VA08350-300x176.jpg 300w\" sizes=\"auto, (max-width: 1000px) 100vw, 1000px\" \/><\/a><figcaption class=\"wp-element-caption\"><a href=\"https:\/\/search.scalarchives.com\/id\/02609637\">Fotografia colorata a mano dell&#8217;Arazzo di Bayeux realizzata con il procedimento\u00a0Woodburytype, 1873 &#8211; Victoria and Albert Museum, Londra\u00a0&#8211;\u00a0VA08350<\/a><\/figcaption><\/figure>\n<\/div>\n\n\n<h2 class=\"wp-block-heading\">Commissionato da un vescovo, attribuito a una regina<\/h2>\n\n\n\n<p class=\"wp-block-paragraph\">Chi lo abbia realizzato davvero resta oggetto di dibattito accademico, sebbene la maggior parte degli storici concordi oggi sul fatto che sia stato il vescovo Odo di Bayeux &#8211; fratellastro di Guglielmo il Conquistatore &#8211; a commissionare l&#8217;opera, molto probabilmente per commemorare la conquista e consolidare l&#8217;autorit\u00e0 normanna sulla nuova Inghilterra sottomessa.<\/p>\n\n\n\n<p class=\"wp-block-paragraph\">Il disegno dell&#8217;Arazzo, in altre parole, fu quasi certamente concepito nel Kent e ricamato da ricamatrici inglesi il cui lavoro ad ago era famoso in tutto il continente.<\/p>\n\n\n<div class=\"wp-block-image\">\n<figure class=\"aligncenter size-full\"><a href=\"https:\/\/search.scalarchives.com\/id\/01004078\" target=\"_blank\" rel=\" noopener\"><img loading=\"lazy\" decoding=\"async\" width=\"784\" height=\"1000\" src=\"https:\/\/scalarchives.com\/wp-content\/uploads\/2026\/09\/scala_DA53992.jpg\" alt=\"\" class=\"wp-image-35564\" srcset=\"https:\/\/scalarchives.com\/wp-content\/uploads\/2026\/09\/scala_DA53992.jpg 784w, https:\/\/scalarchives.com\/wp-content\/uploads\/2026\/09\/scala_DA53992-235x300.jpg 235w, https:\/\/scalarchives.com\/wp-content\/uploads\/2026\/09\/scala_DA53992-768x979.jpg 768w\" sizes=\"auto, (max-width: 784px) 100vw, 784px\" \/><\/a><figcaption class=\"wp-element-caption\"><a href=\"https:\/\/search.scalarchives.com\/id\/01004078\">Guglielmo il Conquistatore tra il vescovo Odo e Roberto di Mortain, dettaglio dell&#8217;Arazzo di Bayeux, Museo di Bayeux\u00a0-.\u00a0DA53992<\/a><\/figcaption><\/figure>\n<\/div>\n\n\n<p class=\"wp-block-paragraph\">La tenace leggenda francese che attribuisce l&#8217;opera alla <a href=\"https:\/\/search.scalarchives.com\/offer\/00007658\">regina Matilde<\/a>, moglie di Guglielmo &#8211; l&#8217;Arazzo viene ancora talvolta chiamato \u201cTapisserie de la Reine Mathilde\u201d &#8211; non regge a un esame accurato, ma si \u00e8 dimostrata quasi altrettanto duratura del ricamo stesso.<\/p>\n\n\n<div class=\"wp-block-image\">\n<figure class=\"aligncenter size-full\"><a href=\"https:\/\/search.scalarchives.com\/id\/02131216\" target=\"_blank\" rel=\" noopener\"><img loading=\"lazy\" decoding=\"async\" width=\"589\" height=\"1000\" src=\"https:\/\/scalarchives.com\/wp-content\/uploads\/2026\/09\/scala_WH34690.jpg\" alt=\"\" class=\"wp-image-35568\" srcset=\"https:\/\/scalarchives.com\/wp-content\/uploads\/2026\/09\/scala_WH34690.jpg 589w, https:\/\/scalarchives.com\/wp-content\/uploads\/2026\/09\/scala_WH34690-177x300.jpg 177w\" sizes=\"auto, (max-width: 589px) 100vw, 589px\" \/><\/a><figcaption class=\"wp-element-caption\"><a href=\"https:\/\/search.scalarchives.com\/id\/02131216\" target=\"_blank\" rel=\"noreferrer noopener\">Statua della regina Matilde, o Matilde delle Fiandre (ca. 1031\u20131083), moglie di Guglielmo il Conquistatore e regina consorte d&#8217;Inghilterra; scultura in marmo di Jean Jacques Marie Carle Vital Elshoect (1797\u20131856), Giardini del Lussemburgo,\u00a0Parigi\u00a0&#8211;\u00a0WH34690\u00a0<\/a><\/figcaption><\/figure>\n<\/div>\n\n\n<h2 class=\"wp-block-heading\">Perch\u00e9 \u00e8 ancora importante<\/h2>\n\n\n\n<p class=\"wp-block-paragraph\">A quasi mille anni dall&#8217;ultimo punto ricamato, l&#8217;Arazzo di Bayeux resta una delle finestre pi\u00f9 ricche sopravvissute sulla guerra, la politica e l&#8217;artigianato medievali. Non \u00e8 semplicemente il resoconto di una battaglia \u2014 \u00e8 una lezione magistrale di narrazione visiva e propaganda, le cui tecniche continuano a plasmare il modo in cui oggi comprendiamo la Conquista. Che lo si avvicini da storico, da appassionato d&#8217;arte o semplicemente da curioso di uno degli oggetti pi\u00f9 iconici del Medioevo, l&#8217;Arazzo racconta una storia avvincente oggi quanto doveva esserlo nel 1066 e, per la prima volta da generazioni fuori dalla Francia, \u00e8 a Londra che lo si pu\u00f2 ammirare.<\/p>\n\n\n\n<figure class=\"wp-block-gallery has-nested-images columns-default is-cropped wp-block-gallery-1 is-layout-flex wp-block-gallery-is-layout-flex\">\n<figure class=\"wp-block-image size-full\"><img loading=\"lazy\" decoding=\"async\" width=\"794\" height=\"1000\" data-id=\"35572\" src=\"https:\/\/scalarchives.com\/wp-content\/uploads\/2026\/09\/scala_DA53972.jpg\" alt=\"\" class=\"wp-image-35572\" srcset=\"https:\/\/scalarchives.com\/wp-content\/uploads\/2026\/09\/scala_DA53972.jpg 794w, https:\/\/scalarchives.com\/wp-content\/uploads\/2026\/09\/scala_DA53972-238x300.jpg 238w, https:\/\/scalarchives.com\/wp-content\/uploads\/2026\/09\/scala_DA53972-768x967.jpg 768w\" sizes=\"auto, (max-width: 794px) 100vw, 794px\" \/><figcaption class=\"wp-element-caption\"><a href=\"https:\/\/search.scalarchives.com\/id\/01004075\">Cottura della carne, dettaglio dell&#8217;Arazzo di Bayeux\u00a0&#8211;\u00a0DA53972<\/a><\/figcaption><\/figure>\n\n\n\n<figure class=\"wp-block-image size-full\"><img loading=\"lazy\" decoding=\"async\" width=\"788\" height=\"1000\" data-id=\"35577\" src=\"https:\/\/scalarchives.com\/wp-content\/uploads\/2026\/09\/scala_DA53977.jpg\" alt=\"\" class=\"wp-image-35577\" srcset=\"https:\/\/scalarchives.com\/wp-content\/uploads\/2026\/09\/scala_DA53977.jpg 788w, https:\/\/scalarchives.com\/wp-content\/uploads\/2026\/09\/scala_DA53977-236x300.jpg 236w, https:\/\/scalarchives.com\/wp-content\/uploads\/2026\/09\/scala_DA53977-768x974.jpg 768w\" sizes=\"auto, (max-width: 788px) 100vw, 788px\" \/><figcaption class=\"wp-element-caption\"><a href=\"https:\/\/search.scalarchives.com\/id\/00867752\">Arcieri normanni alla guida dell&#8217;esercito del duca Guglielmo, dettaglio dell&#8217;Arazzo di Bayeux\u00a0&#8211;\u00a0DA53977\u00a0<\/a><\/figcaption><\/figure>\n\n\n\n<figure class=\"wp-block-image size-full\"><img loading=\"lazy\" decoding=\"async\" width=\"794\" height=\"1000\" data-id=\"35581\" src=\"https:\/\/scalarchives.com\/wp-content\/uploads\/2026\/09\/scala_DA53975.jpg\" alt=\"\" class=\"wp-image-35581\" srcset=\"https:\/\/scalarchives.com\/wp-content\/uploads\/2026\/09\/scala_DA53975.jpg 794w, https:\/\/scalarchives.com\/wp-content\/uploads\/2026\/09\/scala_DA53975-238x300.jpg 238w, https:\/\/scalarchives.com\/wp-content\/uploads\/2026\/09\/scala_DA53975-768x967.jpg 768w\" sizes=\"auto, (max-width: 794px) 100vw, 794px\" \/><figcaption class=\"wp-element-caption\"><a href=\"https:\/\/search.scalarchives.com\/id\/01004076\">Taglio della legna,\u00a0dettaglio dell&#8217;Arazzo di Bayeux\u00a0&#8211;\u00a0DA53975<\/a><\/figcaption><\/figure>\n<\/figure>\n\n\n\n<h2 class=\"wp-block-heading\">Quasi perduto, salvato pi\u00f9 volte. Ora attraversa la Manica<\/h2>\n\n\n\n<p class=\"wp-block-paragraph\">Che l&#8217;Arazzo sia sopravvissuto \u00e8 gi\u00e0 di per s\u00e9 un piccolo miracolo. Durante la Rivoluzione francese rischi\u00f2 la distruzione, e secondo alcune fonti fu quasi requisito per coprire carri militari. Durante la Seconda guerra mondiale attir\u00f2 l&#8217;attenzione di studiosi tedeschi, incuriositi dai suoi presunti legami con la mitologia ariana e anglosassone, e fu spostato pi\u00f9 volte per essere messo in salvo, prima di tornare infine a Bayeux al termine del conflitto.<\/p>\n\n\n\n<p class=\"wp-block-paragraph\">La casa dell&#8217;Arazzo \u00e8 il Museo di Bayeux in Normandia, a mezz&#8217;ora dalle spiagge dello sbarco, dove \u00e8 normalmente esposto per l&#8217;intera lunghezza, con un&#8217;audioguida che accompagna i visitatori scena per scena attraverso il racconto. Quest&#8217;anno, eccezionalmente, viaggia: dal 10 settembre 2026 all&#8217;11 luglio 2027, il <a href=\"https:\/\/scalarchives.com\/it\/il-british-museum\/\">British Museum<\/a> di Londra ospiter\u00e0 l&#8217;Arazzo per quello che si preannuncia come l&#8217;evento espositivo del decennio per la storia medievale.<\/p>\n\n\n\n<p class=\"wp-block-paragraph\">Scala, agente ufficiale del British Museum e di numerose altre istituzioni europee che custodiscono materiale legato al 1066 &#8211; dall&#8217;architettura normanna ai reperti anglosassoni &#8211; \u00e8 lieta di mettere a disposizione un&#8217;ampia gamma di immagini legate all&#8217;Arazzo, alla Conquista e al pi\u00f9 ampio contesto in cui fu realizzato, per licenze editoriali e commerciali.<\/p>\n\n\n\n<p class=\"wp-block-paragraph\">Se desiderate approfondire l&#8217;Arazzo stesso, la conquista normanna o le collezioni del <a href=\"https:\/\/search.scalarchives.com\/?16141816133845785070&amp;EVENT=WEBSHOP_SEARCH&amp;SEARCHMODE=NEW&amp;AUTHOR=2012||BritishMuseum\">British Museum<\/a> richiedete una <a href=\"https:\/\/scalarchives.com\/it\/richiesta-ricerca-contenuti\/\">ricerca di immagini personalizzata<\/a>.<\/p>\n\n\n\n<p class=\"wp-block-paragraph\">***<\/p>\n\n\n\n<p class=\"wp-block-paragraph\">In copertina: <a href=\"https:\/\/search.scalarchives.com\/id\/02589279\" target=\"_blank\" rel=\"noreferrer noopener\">\u201cBayeux\u00a0Tapestry,\u201d Pannello 29B: Harold presta giuramento a\u00a0Guglielmo, quindi\u00a0si prepara a tornare in Inghilterra via nave\u00a0&#8211;\u00a0RM08241<\/a>\u00a0<\/p>\n","protected":false},"excerpt":{"rendered":"<p>Per la prima volta in quasi un millennio, l&#8217;Arazzo di Bayeux lascia la Normandia. Dal 10 settembre 2026 all&#8217;11 luglio 2027, questo straordinario ricamo &#8211; quasi 70 metri di lana cucita su lino, che racconta la conquista normanna dell&#8217;Inghilterra nel 1066 &#8211; sar\u00e0 esposto al British Museum di Londra.<\/p>\n","protected":false},"author":3,"featured_media":35536,"comment_status":"closed","ping_status":"closed","sticky":false,"template":"","format":"standard","meta":{"_acf_changed":false,"footnotes":""},"categories":[4],"tags":[],"class_list":["post-35535","post","type-post","status-publish","format-standard","has-post-thumbnail","hentry","category-curiosita"],"acf":[],"_links":{"self":[{"href":"https:\/\/scalarchives.com\/it\/wp-json\/wp\/v2\/posts\/35535","targetHints":{"allow":["GET"]}}],"collection":[{"href":"https:\/\/scalarchives.com\/it\/wp-json\/wp\/v2\/posts"}],"about":[{"href":"https:\/\/scalarchives.com\/it\/wp-json\/wp\/v2\/types\/post"}],"author":[{"embeddable":true,"href":"https:\/\/scalarchives.com\/it\/wp-json\/wp\/v2\/users\/3"}],"replies":[{"embeddable":true,"href":"https:\/\/scalarchives.com\/it\/wp-json\/wp\/v2\/comments?post=35535"}],"version-history":[{"count":5,"href":"https:\/\/scalarchives.com\/it\/wp-json\/wp\/v2\/posts\/35535\/revisions"}],"predecessor-version":[{"id":35585,"href":"https:\/\/scalarchives.com\/it\/wp-json\/wp\/v2\/posts\/35535\/revisions\/35585"}],"wp:featuredmedia":[{"embeddable":true,"href":"https:\/\/scalarchives.com\/it\/wp-json\/wp\/v2\/media\/35536"}],"wp:attachment":[{"href":"https:\/\/scalarchives.com\/it\/wp-json\/wp\/v2\/media?parent=35535"}],"wp:term":[{"taxonomy":"category","embeddable":true,"href":"https:\/\/scalarchives.com\/it\/wp-json\/wp\/v2\/categories?post=35535"},{"taxonomy":"post_tag","embeddable":true,"href":"https:\/\/scalarchives.com\/it\/wp-json\/wp\/v2\/tags?post=35535"}],"curies":[{"name":"wp","href":"https:\/\/api.w.org\/{rel}","templated":true}]}}